[{"@context":"https:\/\/schema.org\/","@type":"Article","@id":"https:\/\/www.csdl.cz\/dekorace-na-tema-rocniho-obdobi\/#Article","mainEntityOfPage":"https:\/\/www.csdl.cz\/dekorace-na-tema-rocniho-obdobi\/","headline":"Dekorace na t\u00e9ma ro\u010dn\u00edho obdob\u00ed","name":"Dekorace na t\u00e9ma ro\u010dn\u00edho obdob\u00ed","description":"Mysl\u00edm si, \u017ee dekorace na t\u00e9ma ro\u010dn\u00edch obdob\u00ed jsou kr\u00e1sn\u00fdm zp\u016fsobem, jak si z\u00fatulnit byt, d\u016fm, zahradu nebo t\u0159eba i balk\u00f3n.\u00a0 Tyto dekorace mohou dodat bydlen\u00ed kr\u00e1sn\u00fd n\u00e1dech toho, co n\u00e1m p\u0159\u00edroda zrovna ze sv\u00e9&hellip;","datePublished":"2024-05-28","dateModified":"2024-05-28","author":{"@type":"Person","@id":"https:\/\/www.csdl.cz\/author\/#Person","name":"","url":"https:\/\/www.csdl.cz\/author\/","identifier":1,"image":{"@type":"ImageObject","@id":"https:\/\/secure.gravatar.com\/avatar\/7726f7b8e3ba8979c4cf2ad896cb2e8cc05af8ceb17ce4fb40617b72e0be53b4?s=96&d=mm&r=g","url":"https:\/\/secure.gravatar.com\/avatar\/7726f7b8e3ba8979c4cf2ad896cb2e8cc05af8ceb17ce4fb40617b72e0be53b4?s=96&d=mm&r=g","height":96,"width":96}},"publisher":{"@type":"Organization","name":"csdl.cz","logo":{"@type":"ImageObject","@id":"\/logo.png","url":"\/logo.png","width":600,"height":60}},"image":{"@type":"ImageObject","@id":"https:\/\/www.csdl.cz\/wp-content\/uploads\/easter-eggs-2145667_640_1.jpg","url":"https:\/\/www.csdl.cz\/wp-content\/uploads\/easter-eggs-2145667_640_1.jpg","height":0,"width":0},"url":"https:\/\/www.csdl.cz\/dekorace-na-tema-rocniho-obdobi\/","about":["Byt a d\u016fm"],"wordCount":470,"articleBody":"Mysl\u00edm si, \u017ee dekorace na t\u00e9ma ro\u010dn\u00edch obdob\u00ed jsou kr\u00e1sn\u00fdm zp\u016fsobem, jak si z\u00fatulnit byt, d\u016fm, zahradu nebo t\u0159eba i balk\u00f3n.\u00a0 Tyto dekorace mohou dodat bydlen\u00ed kr\u00e1sn\u00fd n\u00e1dech toho, co n\u00e1m p\u0159\u00edroda zrovna ze sv\u00e9 kr\u00e1sy ukazuje. Pr\u00e1v\u011b proto, \u017ee ka\u017ed\u00e9 ro\u010dn\u00ed obdob\u00ed m\u00e1 sv\u00e9 kouzlo a barvy a atmosf\u00e9ru. No \u00fapln\u011b si to p\u0159edstavuji. Moje obl\u00edben\u00e9, co se t\u00fd\u010de dekorac\u00ed do bytu, jsou samoz\u0159ejm\u011b V\u00e1noce a tak\u00e9 podzim. Velikonoce jsou tak\u00e9 velice kr\u00e1sn\u00e9, proto\u017ee jsou hezky barevn\u00e9, a nav\u00edc p\u0159\u00edroda se bud\u00ed ze zimn\u00edho sp\u00e1nku. Na ja\u0159e tedy m\u016f\u017eete byt vyzdobit jemn\u00fdmi pastelov\u00fdmi barvami, nebo pr\u00e1v\u011b t\u011bmi Velikonocemi. Symboly a dekorace Velikonoc jsou t\u0159eba barevn\u00e1 vaj\u00ed\u010dka, nebo kraslice, chcete-li, pak tak\u00e9 zaj\u00ed\u010dci, nebo natrhan\u00e9 ko\u010di\u010dky, jestli je zn\u00e1te pod t\u00edmto n\u00e1zvem. M\u016f\u017eete vyu\u017e\u00edt kv\u011btinov\u00fd vzor, v\u00a0tu domu tak\u00e9 m\u016f\u017eete d\u00e1t na st\u016fl t\u0159eba narcisky, nebo tulip\u00e1ny. To bude n\u00e1dhera! Klidn\u011b bych jarn\u00ed dekorace doplnila vonnou sv\u00ed\u010dkou s\u00a0n\u011bjak\u00fdm jemn\u00fdm kv\u011btinov\u00fdm parf\u00e9mem. Na l\u00e9to bych dala n\u011bco takov\u00e9ho sp\u00ed\u0161e vzdu\u0161n\u00e9ho. Pro l\u00e9to jsou podle m\u011b ide\u00e1ln\u00ed jak\u00e9koliv pestr\u00e9 barvy a rozhodn\u011b kv\u011btiny na st\u016fl, roste toho opravdu hodn\u011b, t\u0159eba r\u016f\u017ee ze zahr\u00e1dky. Podzim, tak to je ur\u010dit\u011b srdcov\u00e1 z\u00e1le\u017eitost hodn\u011b lid\u00ed. L\u00edbilo by se mi m\u00edt sv\u00ed\u010dku s\u00a0v\u016fn\u00ed d\u00fdn\u011b! Na st\u016fl nebo na dve\u0159e m\u016f\u017eete d\u00e1t v\u011bnec vyroben\u00fd z\u00a0list\u016f z\u00a0javoru a na to d\u00e1t ka\u0161tany, \u010di \u017ealudy. Nebo m\u016f\u017eete vyu\u017e\u00edt Halloween a nazdobit si byt kr\u00e1sn\u011b nebo i stra\u0161ideln\u011b vy\u0159ezan\u00fdmi d\u00fdn\u011bmi! To by bylo! Podzim prov\u00e1zej\u00ed sp\u00ed\u0161e tepl\u00e9 barvy. Tepl\u00e9 t\u00f3ny barev, jako jsou, oran\u017eov\u00e1, hn\u011bd\u00e1, \u017elutohn\u011bd\u00e1, ho\u0159\u010dicov\u00e1, nebo i v\u00ednov\u00e1. S\u00a0motivy podzimu se\u017eenete i kr\u00e1sn\u00e9 povlaky na pol\u0161t\u00e1\u0159, kter\u00e9 mohou tak\u00e9 slou\u017eit, jako skv\u011bl\u00e1 dekorace. O\u017eiv\u00ed to pohovku a tak\u00e9 budete m\u00edt pocit podzimu i u v\u00e1s doma. Z\u00e1le\u017e\u00ed, jak moc podzim m\u00e1te r\u00e1di. No a v\u00a0neposledn\u00ed \u0159ad\u011b tu m\u00e1me zimu a kr\u00e1sn\u00e9 V\u00e1noce! Slavnost\u00ed a tak\u00e9 t\u0159pytiv\u00e9 dekorace nesm\u00ed chyb\u011bt. Barvy, kter\u00e9 doprov\u00e1z\u00ed V\u00e1noce, jsou b\u00edl\u00e1, st\u0159\u00edbrn\u00e1, zlat\u00e1, modr\u00e1, zelen\u00e1, \u010derven\u00e1 a v\u0161e m\u016f\u017eete doplnit t\u0159pytkami a t\u0159\u00e1sn\u011bmi. A samoz\u0159ejm\u011b pak kr\u00e1sn\u011b nazdoben\u00fd strome\u010dek a adventn\u00ed v\u011bnec!                                                                                                                                                                                                                                                                                                                                                                                                "},{"@context":"https:\/\/schema.org\/","@type":"BreadcrumbList","itemListElement":[{"@type":"ListItem","position":1,"name":"Dekorace na t\u00e9ma ro\u010dn\u00edho obdob\u00ed","item":"https:\/\/www.csdl.cz\/dekorace-na-tema-rocniho-obdobi\/#breadcrumbitem"}]}]