[{"@context":"https:\/\/schema.org\/","@type":"Article","@id":"https:\/\/www.csdl.cz\/proc-se-ve-mestech-neprovani-sekani-travy-casteji\/#Article","mainEntityOfPage":"https:\/\/www.csdl.cz\/proc-se-ve-mestech-neprovani-sekani-travy-casteji\/","headline":"Pro\u010d se ve m\u011bstech neprov\u00e1n\u00ed sek\u00e1n\u00ed tr\u00e1vy \u010dast\u011bji","name":"Pro\u010d se ve m\u011bstech neprov\u00e1n\u00ed sek\u00e1n\u00ed tr\u00e1vy \u010dast\u011bji","description":"\u017divot ve m\u011bst\u011b m\u00e1 sv\u00e9 v\u00fdhody i nev\u00fdhody. Faktem v\u0161ak je, \u017ee jakkoliv se n\u00e1m zd\u00e1 m\u011bsto kompletn\u011b zastav\u011bn\u00e9, nen\u00ed tomu tak. Nalezneme zde \u010dasto a\u017e p\u0159ekvapiv\u00fd po\u010det ploch zelen\u011b, a to nejen v parc\u00edch.&hellip;","datePublished":"2023-06-21","dateModified":"2023-08-10","author":{"@type":"Person","@id":"https:\/\/www.csdl.cz\/author\/#Person","name":"","url":"https:\/\/www.csdl.cz\/author\/","identifier":1,"image":{"@type":"ImageObject","@id":"https:\/\/secure.gravatar.com\/avatar\/7726f7b8e3ba8979c4cf2ad896cb2e8cc05af8ceb17ce4fb40617b72e0be53b4?s=96&d=mm&r=g","url":"https:\/\/secure.gravatar.com\/avatar\/7726f7b8e3ba8979c4cf2ad896cb2e8cc05af8ceb17ce4fb40617b72e0be53b4?s=96&d=mm&r=g","height":96,"width":96}},"publisher":{"@type":"Organization","name":"csdl.cz","logo":{"@type":"ImageObject","@id":"\/logo.png","url":"\/logo.png","width":600,"height":60}},"image":{"@type":"ImageObject","@id":"https:\/\/www.csdl.cz\/wp-content\/uploads\/sektravy3.png","url":"https:\/\/www.csdl.cz\/wp-content\/uploads\/sektravy3.png","height":0,"width":0},"url":"https:\/\/www.csdl.cz\/proc-se-ve-mestech-neprovani-sekani-travy-casteji\/","about":["Byznys"],"wordCount":421,"articleBody":"   \u017divot ve m\u011bst\u011b m\u00e1 sv\u00e9 v\u00fdhody i nev\u00fdhody. Faktem v\u0161ak je, \u017ee jakkoliv se n\u00e1m zd\u00e1 m\u011bsto kompletn\u011b zastav\u011bn\u00e9, nen\u00ed tomu tak. Nalezneme zde \u010dasto a\u017e p\u0159ekvapiv\u00fd po\u010det ploch zelen\u011b, a to nejen v parc\u00edch. Tato je pak obvykle pod spr\u00e1vou m\u011bsta. A jednou z povinnost\u00ed, kter\u00e9 m\u00e1, je sek\u00e1n\u00ed tr\u00e1vy https:\/\/seceni-mulcovani.cz\/sekani-travy.To v\u0161ak je d\u016fsledkem \u010dast\u00fdch spor\u016f, p\u0159edev\u0161\u00edm v dne\u0161n\u00ed dob\u011b velk\u00fdch veder. Mnoz\u00ed lid\u00e9 toti\u017e maj\u00ed pocit, \u017ee intervaly mezi jednotliv\u00fdmi se\u010den\u00edmi jsou p\u0159\u00edli\u0161 dlouh\u00e9, a tr\u00e1va za tu dobu zna\u010dn\u011b vyroste. A to je bezesporu pravda.Asi nen\u00ed t\u0159eba \u0159\u00edkat, pro\u010d n\u011bco takov\u00e9ho m\u016f\u017ee vadit. V prvn\u00ed \u0159ad\u011b to nevypad\u00e1 nijak hezky, a nav\u00edc se tam mohou prakticky ztratit nap\u0159\u00edklad mal\u00ed pejsci. Tak\u00e9 to znamen\u00e1 vy\u0161\u0161\u00ed po\u010det hmyzu a p\u0159edev\u0161\u00edm parazit\u016f, jako jsou zejm\u00e9na kl\u00ed\u0161\u0165ata. Ta mohou p\u0159edstavovat zdravotn\u00ed riziko nejen pro dom\u00e1c\u00ed mazl\u00ed\u010dky, ale tak\u00e9 pro \u010dlov\u011bka.Nab\u00edz\u00ed se tedy ot\u00e1zka, pro\u010d vlastn\u011b m\u011bsta nenech\u00e1vaj\u00ed v l\u00e9t\u011b sekat tr\u00e1vu \u010dast\u011bji. Odpov\u011b\u010f v\u00e1s mo\u017en\u00e1 p\u0159ekvap\u00ed. Nen\u00ed to toti\u017e a\u017e tak o pen\u011bz\u00edch, jako sp\u00ed\u0161e o p\u0159\u00edrod\u011b. Vy\u0161\u0161\u00ed tr\u00e1va toti\u017e l\u00e9pe zadr\u017euje vodu, kter\u00e9 je pr\u00e1v\u011b v obdob\u00ed letn\u00edch veder nedostatek. Tu pak vyu\u017e\u00edvaj\u00ed nap\u0159\u00edklad i stromy a d\u00edky n\u00ed se tyto plochy nezm\u011bn\u00ed ve vyprahlou pustinu.Samoz\u0159ejm\u011b, bylo by mo\u017en\u00e9 za\u0159\u00eddit zal\u00e9v\u00e1n\u00ed, av\u0161ak to by bylo ekonomicky i logistiky zna\u010dn\u011b n\u00e1ro\u010dn\u00e9. A je pravdou, \u017ee rozpo\u010det prakticky v\u0161ech obc\u00ed je v podstat\u011b napjat k prasknut\u00ed. Je to koneckonc\u016f tak\u00e9 jeden z d\u016fvod\u016f, pro\u010d m\u00e9n\u011b \u010dast\u00e9 sek\u00e1n\u00ed tak\u00e9 uv\u00edtaly \u2013 znamen\u00e1 to ni\u017e\u0161\u00ed n\u00e1klady a \u00fasporu pen\u011bz, kter\u00e9 lze n\u00e1sledn\u011b pou\u017e\u00edt na n\u011bco jin\u00e9ho.Je tedy pravdou, \u017ee tento postup m\u00e1 sv\u00e9 jasn\u00e9 nev\u00fdhody. Av\u0161ak mnohdy opom\u00edj\u00edme pr\u00e1v\u011b v\u00fdhody, nebo\u0165 tyto nejsou p\u0159\u00edli\u0161 viditeln\u00e9. P\u0159itom pr\u00e1v\u011b d\u00edky nim je ve m\u011bstech p\u0159eci jen o n\u011bco zdrav\u011bj\u0161\u00ed prost\u0159ed\u00ed. A to je n\u011bco, o co by m\u011blo j\u00edt n\u00e1m v\u0161em. Zdrav\u00ed toti\u017e m\u00e1me jen jedno, a nikdo n\u00e1m jej nevr\u00e1t\u00ed.                                                                                                                                                                                                                                                                                                                                                                                                  "},{"@context":"https:\/\/schema.org\/","@type":"BreadcrumbList","itemListElement":[{"@type":"ListItem","position":1,"name":"Pro\u010d se ve m\u011bstech neprov\u00e1n\u00ed sek\u00e1n\u00ed tr\u00e1vy \u010dast\u011bji","item":"https:\/\/www.csdl.cz\/proc-se-ve-mestech-neprovani-sekani-travy-casteji\/#breadcrumbitem"}]}]