[{"@context":"https:\/\/schema.org\/","@type":"Article","@id":"https:\/\/www.csdl.cz\/uzijte-si-odpocinek-na-praded\/#Article","mainEntityOfPage":"https:\/\/www.csdl.cz\/uzijte-si-odpocinek-na-praded\/","headline":"U\u017eijte si odpo\u010dinek na Prad\u011bd","name":"U\u017eijte si odpo\u010dinek na Prad\u011bd","description":"Pokud v\u00e1s tr\u00e1p\u00ed pot\u00ed\u017ee s d\u00fdchac\u00edmi cestami, vyu\u017eijte na\u0161\u00ed nab\u00eddky a p\u0159ije\u010fte k n\u00e1m. V Jesen\u00edk\u00e1ch je\u0161t\u011b po\u0159\u00e1d d\u00fdch\u00e1me \u010dist\u00fd vzduch. Nen\u00ed tolik zne\u010di\u0161t\u011bn jako v jin\u00fdch regionech. Kdo m\u00e1 r\u00e1d klid a pohodu, m\u016f\u017eeme&hellip;","datePublished":"2025-04-30","dateModified":"2025-04-30","author":{"@type":"Person","@id":"https:\/\/www.csdl.cz\/author\/#Person","name":"","url":"https:\/\/www.csdl.cz\/author\/","identifier":1,"image":{"@type":"ImageObject","@id":"https:\/\/secure.gravatar.com\/avatar\/7726f7b8e3ba8979c4cf2ad896cb2e8cc05af8ceb17ce4fb40617b72e0be53b4?s=96&d=mm&r=g","url":"https:\/\/secure.gravatar.com\/avatar\/7726f7b8e3ba8979c4cf2ad896cb2e8cc05af8ceb17ce4fb40617b72e0be53b4?s=96&d=mm&r=g","height":96,"width":96}},"publisher":{"@type":"Organization","name":"csdl.cz","logo":{"@type":"ImageObject","@id":"\/logo.png","url":"\/logo.png","width":600,"height":60}},"url":"https:\/\/www.csdl.cz\/uzijte-si-odpocinek-na-praded\/","wordCount":209,"articleBody":"Pokud v\u00e1s tr\u00e1p\u00ed pot\u00ed\u017ee s d\u00fdchac\u00edmi cestami, vyu\u017eijte na\u0161\u00ed nab\u00eddky a p\u0159ije\u010fte k n\u00e1m. V Jesen\u00edk\u00e1ch je\u0161t\u011b po\u0159\u00e1d d\u00fdch\u00e1me \u010dist\u00fd vzduch. Nen\u00ed tolik zne\u010di\u0161t\u011bn jako v jin\u00fdch regionech. Kdo m\u00e1 r\u00e1d klid a pohodu, m\u016f\u017eeme ho ujistit, \u017ee u n\u00e1s ji bude m\u00edt. V na\u0161ich hor\u00e1ch je\u0161t\u011b nen\u00ed tolik turist\u016f jako je nap\u0159\u00edklad v Krkono\u0161\u00edch nebo i jinde. Ubytov\u00e1n\u00ed Prad\u011bd &#8211; skv\u011bl\u00e1 dovolen\u00e1. Poznejte na\u0161e l\u00e1ze\u0148sk\u00e1 m\u011bsta. T\u011b\u0161\u00ed se na v\u00e1s Jesen\u00edk, Karlova Stud\u00e1nka i l\u00e1zn\u011b Lipov\u00e1. Z na\u0161eho sport hotelu Kurzovn\u00ed si do t\u011bchto m\u011bst m\u016f\u017eete ud\u011blat v\u00fdlet, zpest\u0159it si pobyt u n\u00e1s a sezn\u00e1mit se se zdej\u0161\u00edm regionem. Krom\u011b l\u00e1zn\u00ed je zde i \u0159ada dal\u0161\u00edch m\u00edst, kam se m\u016f\u017eete b\u011bhem sv\u00e9ho pobytu v Jesen\u00edk\u00e1ch pod\u00edvat. Ubytov\u00e1n\u00ed Prad\u011bd- p\u0159\u00edle\u017eitost pro prima dovolenou. L\u00e1ze\u0148sk\u00e1 m\u011bsta Nav\u0161tivte na\u0161e l\u00e1ze\u0148sk\u00e1 m\u011bsta. Ubytov\u00e1n\u00ed Prad\u011bd v\u00e1s p\u0159\u00edjemn\u011b p\u0159ekvap\u00ed.                                                                                                                                                                                                                                                                                                                                                                                                "},{"@context":"https:\/\/schema.org\/","@type":"BreadcrumbList","itemListElement":[{"@type":"ListItem","position":1,"name":"U\u017eijte si odpo\u010dinek na Prad\u011bd","item":"https:\/\/www.csdl.cz\/uzijte-si-odpocinek-na-praded\/#breadcrumbitem"}]}]